{"id":4098,"date":"2011-01-25T00:00:00","date_gmt":"2011-01-25T00:00:00","guid":{"rendered":"https:\/\/rki.krtk.hun-ren.hu\/uncategorized\/the-central-transdanubia-volume-of-the-series-regions-of-the-carpathian-basin-published\/"},"modified":"2022-08-10T14:38:40","modified_gmt":"2022-08-10T14:38:40","slug":"the-central-transdanubia-volume-of-the-series-regions-of-the-carpathian-basin-published","status":"publish","type":"post","link":"https:\/\/rki.krtk.hun-ren.hu\/en\/the-central-transdanubia-volume-of-the-series-regions-of-the-carpathian-basin-published\/","title":{"rendered":"The Central Transdanubia volume of the series &#8220;Regions of the Carpathian Basin&#8221; published"},"content":{"rendered":"<p>&nbsp;<\/p>\n<table border=\"0\" cellspacing=\"1\" cellpadding=\"1\" width=\"500\">\n<tbody>\n<tr>\n<td><img fetchpriority=\"high\" decoding=\"async\" alt=\"\" width=\"200\" height=\"293\" src=\"\/rkk\/news\/2010\/Kozep_Dunantul_borito.png\" \/>&nbsp;<\/td>\n<td>\n<div style=\"text-align: justify; line-height: 150%\">&nbsp;<\/div>\n<div style=\"text-align: justify; line-height: 150%\"><span style=\"font-family: 'Arial Narrow'; font-size: 12pt; mso-fareast-font-family: 'Times New Roman'; mso-ansi-language: HU; mso-fareast-language: HU; mso-bidi-language: AR-SA; mso-bidi-font-family: 'Times New Roman'\">K&Ouml;Z&Eacute;P-DUN&Aacute;NT&Uacute;L<\/span><\/div>\n<div style=\"text-align: justify; line-height: 150%\">(Central Transdanubia)<\/div>\n<div style=\"text-align: justify; line-height: 150%\">&nbsp;<\/div>\n<div style=\"text-align: justify; line-height: 150%\">Editor:<\/div>\n<div style=\"text-align: justify; line-height: 150%\">Vikt&oacute;ria Szirmai<\/div>\n<div style=\"text-align: justify; line-height: 150%\">&nbsp;<\/div>\n<div style=\"text-align: justify; line-height: 150%\">Hungarian Academy of Sciences<br \/>             Centre for Regional Studies<br \/>             and<br \/>             Dial&oacute;g Campus Kiad&oacute;<\/div>\n<div style=\"text-align: justify; line-height: 150%\">&nbsp;<\/div>\n<div style=\"text-align: justify; line-height: 150%\">P&eacute;cs&ndash;Budapest, 2010<\/div>\n<div style=\"text-align: justify; line-height: 150%\">505&nbsp;p.<\/div>\n<\/td>\n<\/tr>\n<\/tbody>\n<\/table>\n<p>&nbsp;<\/p>\n","protected":false},"excerpt":{"rendered":"<p>Central Transdanubia is the smallest NUTS2 region of Hungary with a population of 1.1 million. Even though the region&#8217;s population is declining in line with national trends, its rate is considerably lower. The destiny, history, current situation and future of Fej\u00e9r, Veszpr\u00e9m and Kom\u00e1rom-Esztergom counties are all embedded in the process which led to the creation of Hungarian regional development and planning regions. Industry has an overwhelming weight in the economic structure of the region, with the highest number of employees. Among the main factors of successful transformation are the impacts of global economy and foreign direct investments, as well as dynamic industrial development. Foreign capital arriving in the region has undoubtedly contributed to modernisation of the economic structure, gaining access to foreign markets, and the international integration of the region. The eleventh volume of the series was edited by Vikt\u00f3ria Szirmai.<\/p>\n","protected":false},"author":3,"featured_media":38,"comment_status":"open","ping_status":"open","sticky":false,"template":"","format":"standard","meta":{"_acf_changed":false,"inline_featured_image":false,"footnotes":"","_links_to":"","_links_to_target":""},"categories":[196],"tags":[321,284,282,324,326,323,318,325,327,322],"class_list":["post-4098","post","type-post","status-publish","format-standard","has-post-thumbnail","hentry","category-news","tag-central-transdanubia","tag-centre-for-regional-studies","tag-crs-has","tag-fejer","tag-komarom-esztergom-counties","tag-nuts2-region-of-hungary","tag-regions-of-the-carpathian-basin","tag-veszprem","tag-viktoria-szirmai","tag-volume-12"],"acf":[],"yoast_head":"<!-- This site is optimized with the Yoast SEO plugin v27.3 - https:\/\/yoast.com\/product\/yoast-seo-wordpress\/ -->\n<title>The Central Transdanubia volume of the series &quot;Regions of the Carpathian Basin&quot; published - RKI<\/title>\n<meta name=\"robots\" content=\"index, follow, max-snippet:-1, max-image-preview:large, max-video-preview:-1\" \/>\n<link rel=\"canonical\" href=\"https:\/\/rki.krtk.hun-ren.hu\/en\/the-central-transdanubia-volume-of-the-series-regions-of-the-carpathian-basin-published\/\" \/>\n<meta property=\"og:locale\" content=\"en_US\" \/>\n<meta property=\"og:type\" content=\"article\" \/>\n<meta property=\"og:title\" content=\"The Central Transdanubia volume of the series &quot;Regions of the Carpathian Basin&quot; published - RKI\" \/>\n<meta property=\"og:description\" content=\"Central Transdanubia is the smallest NUTS2 region of Hungary with a population of 1.1 million. Even though the region&#039;s population is declining in line with national trends, its rate is considerably lower. The destiny, history, current situation and future of Fej\u00e9r, Veszpr\u00e9m and Kom\u00e1rom-Esztergom counties are all embedded in the process which led to the creation of Hungarian regional development and planning regions. Industry has an overwhelming weight in the economic structure of the region, with the highest number of employees. Among the main factors of successful transformation are the impacts of global economy and foreign direct investments, as well as dynamic industrial development. Foreign capital arriving in the region has undoubtedly contributed to modernisation of the economic structure, gaining access to foreign markets, and the international integration of the region. The eleventh volume of the series was edited by Vikt\u00f3ria Szirmai.\" \/>\n<meta property=\"og:url\" content=\"https:\/\/rki.krtk.hun-ren.hu\/en\/the-central-transdanubia-volume-of-the-series-regions-of-the-carpathian-basin-published\/\" \/>\n<meta property=\"og:site_name\" content=\"RKI\" \/>\n<meta property=\"article:published_time\" content=\"2011-01-25T00:00:00+00:00\" \/>\n<meta property=\"article:modified_time\" content=\"2022-08-10T14:38:40+00:00\" \/>\n<meta property=\"og:image\" content=\"https:\/\/rki.krtk.hun-ren.hu\/wp-content\/uploads\/2022\/05\/placeholder.png\" \/>\n\t<meta property=\"og:image:width\" content=\"1200\" \/>\n\t<meta property=\"og:image:height\" content=\"800\" \/>\n\t<meta property=\"og:image:type\" content=\"image\/png\" \/>\n<meta name=\"author\" content=\"admin\" \/>\n<meta name=\"twitter:card\" content=\"summary_large_image\" \/>\n<meta name=\"twitter:label1\" content=\"Written by\" \/>\n\t<meta name=\"twitter:data1\" content=\"admin\" \/>\n<script type=\"application\/ld+json\" class=\"yoast-schema-graph\">{\"@context\":\"https:\\\/\\\/schema.org\",\"@graph\":[{\"@type\":\"Article\",\"@id\":\"https:\\\/\\\/rki.krtk.hun-ren.hu\\\/en\\\/the-central-transdanubia-volume-of-the-series-regions-of-the-carpathian-basin-published\\\/#article\",\"isPartOf\":{\"@id\":\"https:\\\/\\\/rki.krtk.hun-ren.hu\\\/en\\\/the-central-transdanubia-volume-of-the-series-regions-of-the-carpathian-basin-published\\\/\"},\"author\":{\"name\":\"admin\",\"@id\":\"https:\\\/\\\/rki.krtk.hun-ren.hu\\\/#\\\/schema\\\/person\\\/e9481f7d7d4f8e4dff5804fcd18a0757\"},\"headline\":\"The Central Transdanubia volume of the series &#8220;Regions of the Carpathian Basin&#8221; published\",\"datePublished\":\"2011-01-25T00:00:00+00:00\",\"dateModified\":\"2022-08-10T14:38:40+00:00\",\"mainEntityOfPage\":{\"@id\":\"https:\\\/\\\/rki.krtk.hun-ren.hu\\\/en\\\/the-central-transdanubia-volume-of-the-series-regions-of-the-carpathian-basin-published\\\/\"},\"wordCount\":58,\"commentCount\":0,\"image\":{\"@id\":\"https:\\\/\\\/rki.krtk.hun-ren.hu\\\/en\\\/the-central-transdanubia-volume-of-the-series-regions-of-the-carpathian-basin-published\\\/#primaryimage\"},\"thumbnailUrl\":\"https:\\\/\\\/rki.krtk.hun-ren.hu\\\/wp-content\\\/uploads\\\/2022\\\/05\\\/placeholder.png\",\"keywords\":[\"Central Transdanubia\",\"Centre for Regional Studies\",\"CRS HAS\",\"Fej\u00e9r\",\"Kom\u00e1rom-Esztergom counties\",\"NUTS2 region of Hungary\",\"Regions of the Carpathian Basin\",\"Veszpr\u00e9m\",\"Vikt\u00f3ria Szirmai\",\"volume 12\"],\"articleSection\":[\"News\"],\"inLanguage\":\"en-US\"},{\"@type\":\"WebPage\",\"@id\":\"https:\\\/\\\/rki.krtk.hun-ren.hu\\\/en\\\/the-central-transdanubia-volume-of-the-series-regions-of-the-carpathian-basin-published\\\/\",\"url\":\"https:\\\/\\\/rki.krtk.hun-ren.hu\\\/en\\\/the-central-transdanubia-volume-of-the-series-regions-of-the-carpathian-basin-published\\\/\",\"name\":\"The Central Transdanubia volume of the series \\\"Regions of the Carpathian Basin\\\" published - RKI\",\"isPartOf\":{\"@id\":\"https:\\\/\\\/rki.krtk.hun-ren.hu\\\/#website\"},\"primaryImageOfPage\":{\"@id\":\"https:\\\/\\\/rki.krtk.hun-ren.hu\\\/en\\\/the-central-transdanubia-volume-of-the-series-regions-of-the-carpathian-basin-published\\\/#primaryimage\"},\"image\":{\"@id\":\"https:\\\/\\\/rki.krtk.hun-ren.hu\\\/en\\\/the-central-transdanubia-volume-of-the-series-regions-of-the-carpathian-basin-published\\\/#primaryimage\"},\"thumbnailUrl\":\"https:\\\/\\\/rki.krtk.hun-ren.hu\\\/wp-content\\\/uploads\\\/2022\\\/05\\\/placeholder.png\",\"datePublished\":\"2011-01-25T00:00:00+00:00\",\"dateModified\":\"2022-08-10T14:38:40+00:00\",\"author\":{\"@id\":\"https:\\\/\\\/rki.krtk.hun-ren.hu\\\/#\\\/schema\\\/person\\\/e9481f7d7d4f8e4dff5804fcd18a0757\"},\"inLanguage\":\"en-US\",\"potentialAction\":[{\"@type\":\"ReadAction\",\"target\":[\"https:\\\/\\\/rki.krtk.hun-ren.hu\\\/en\\\/the-central-transdanubia-volume-of-the-series-regions-of-the-carpathian-basin-published\\\/\"]}]},{\"@type\":\"ImageObject\",\"inLanguage\":\"en-US\",\"@id\":\"https:\\\/\\\/rki.krtk.hun-ren.hu\\\/en\\\/the-central-transdanubia-volume-of-the-series-regions-of-the-carpathian-basin-published\\\/#primaryimage\",\"url\":\"https:\\\/\\\/rki.krtk.hun-ren.hu\\\/wp-content\\\/uploads\\\/2022\\\/05\\\/placeholder.png\",\"contentUrl\":\"https:\\\/\\\/rki.krtk.hun-ren.hu\\\/wp-content\\\/uploads\\\/2022\\\/05\\\/placeholder.png\",\"width\":1200,\"height\":800},{\"@type\":\"WebSite\",\"@id\":\"https:\\\/\\\/rki.krtk.hun-ren.hu\\\/#website\",\"url\":\"https:\\\/\\\/rki.krtk.hun-ren.hu\\\/\",\"name\":\"RKI\",\"description\":\"Region\u00e1lis Kutat\u00e1sok Int\u00e9zete\",\"potentialAction\":[{\"@type\":\"SearchAction\",\"target\":{\"@type\":\"EntryPoint\",\"urlTemplate\":\"https:\\\/\\\/rki.krtk.hun-ren.hu\\\/?s={search_term_string}\"},\"query-input\":{\"@type\":\"PropertyValueSpecification\",\"valueRequired\":true,\"valueName\":\"search_term_string\"}}],\"inLanguage\":\"en-US\"},{\"@type\":\"Person\",\"@id\":\"https:\\\/\\\/rki.krtk.hun-ren.hu\\\/#\\\/schema\\\/person\\\/e9481f7d7d4f8e4dff5804fcd18a0757\",\"name\":\"admin\",\"url\":\"https:\\\/\\\/rki.krtk.hun-ren.hu\\\/en\\\/author\\\/admin\\\/\"}]}<\/script>\n<!-- \/ Yoast SEO plugin. -->","yoast_head_json":{"title":"The Central Transdanubia volume of the series \"Regions of the Carpathian Basin\" published - RKI","robots":{"index":"index","follow":"follow","max-snippet":"max-snippet:-1","max-image-preview":"max-image-preview:large","max-video-preview":"max-video-preview:-1"},"canonical":"https:\/\/rki.krtk.hun-ren.hu\/en\/the-central-transdanubia-volume-of-the-series-regions-of-the-carpathian-basin-published\/","og_locale":"en_US","og_type":"article","og_title":"The Central Transdanubia volume of the series \"Regions of the Carpathian Basin\" published - RKI","og_description":"Central Transdanubia is the smallest NUTS2 region of Hungary with a population of 1.1 million. Even though the region's population is declining in line with national trends, its rate is considerably lower. The destiny, history, current situation and future of Fej\u00e9r, Veszpr\u00e9m and Kom\u00e1rom-Esztergom counties are all embedded in the process which led to the creation of Hungarian regional development and planning regions. Industry has an overwhelming weight in the economic structure of the region, with the highest number of employees. Among the main factors of successful transformation are the impacts of global economy and foreign direct investments, as well as dynamic industrial development. Foreign capital arriving in the region has undoubtedly contributed to modernisation of the economic structure, gaining access to foreign markets, and the international integration of the region. The eleventh volume of the series was edited by Vikt\u00f3ria Szirmai.","og_url":"https:\/\/rki.krtk.hun-ren.hu\/en\/the-central-transdanubia-volume-of-the-series-regions-of-the-carpathian-basin-published\/","og_site_name":"RKI","article_published_time":"2011-01-25T00:00:00+00:00","article_modified_time":"2022-08-10T14:38:40+00:00","og_image":[{"width":1200,"height":800,"url":"https:\/\/rki.krtk.hun-ren.hu\/wp-content\/uploads\/2022\/05\/placeholder.png","type":"image\/png"}],"author":"admin","twitter_card":"summary_large_image","twitter_misc":{"Written by":"admin"},"schema":{"@context":"https:\/\/schema.org","@graph":[{"@type":"Article","@id":"https:\/\/rki.krtk.hun-ren.hu\/en\/the-central-transdanubia-volume-of-the-series-regions-of-the-carpathian-basin-published\/#article","isPartOf":{"@id":"https:\/\/rki.krtk.hun-ren.hu\/en\/the-central-transdanubia-volume-of-the-series-regions-of-the-carpathian-basin-published\/"},"author":{"name":"admin","@id":"https:\/\/rki.krtk.hun-ren.hu\/#\/schema\/person\/e9481f7d7d4f8e4dff5804fcd18a0757"},"headline":"The Central Transdanubia volume of the series &#8220;Regions of the Carpathian Basin&#8221; published","datePublished":"2011-01-25T00:00:00+00:00","dateModified":"2022-08-10T14:38:40+00:00","mainEntityOfPage":{"@id":"https:\/\/rki.krtk.hun-ren.hu\/en\/the-central-transdanubia-volume-of-the-series-regions-of-the-carpathian-basin-published\/"},"wordCount":58,"commentCount":0,"image":{"@id":"https:\/\/rki.krtk.hun-ren.hu\/en\/the-central-transdanubia-volume-of-the-series-regions-of-the-carpathian-basin-published\/#primaryimage"},"thumbnailUrl":"https:\/\/rki.krtk.hun-ren.hu\/wp-content\/uploads\/2022\/05\/placeholder.png","keywords":["Central Transdanubia","Centre for Regional Studies","CRS HAS","Fej\u00e9r","Kom\u00e1rom-Esztergom counties","NUTS2 region of Hungary","Regions of the Carpathian Basin","Veszpr\u00e9m","Vikt\u00f3ria Szirmai","volume 12"],"articleSection":["News"],"inLanguage":"en-US"},{"@type":"WebPage","@id":"https:\/\/rki.krtk.hun-ren.hu\/en\/the-central-transdanubia-volume-of-the-series-regions-of-the-carpathian-basin-published\/","url":"https:\/\/rki.krtk.hun-ren.hu\/en\/the-central-transdanubia-volume-of-the-series-regions-of-the-carpathian-basin-published\/","name":"The Central Transdanubia volume of the series \"Regions of the Carpathian Basin\" published - RKI","isPartOf":{"@id":"https:\/\/rki.krtk.hun-ren.hu\/#website"},"primaryImageOfPage":{"@id":"https:\/\/rki.krtk.hun-ren.hu\/en\/the-central-transdanubia-volume-of-the-series-regions-of-the-carpathian-basin-published\/#primaryimage"},"image":{"@id":"https:\/\/rki.krtk.hun-ren.hu\/en\/the-central-transdanubia-volume-of-the-series-regions-of-the-carpathian-basin-published\/#primaryimage"},"thumbnailUrl":"https:\/\/rki.krtk.hun-ren.hu\/wp-content\/uploads\/2022\/05\/placeholder.png","datePublished":"2011-01-25T00:00:00+00:00","dateModified":"2022-08-10T14:38:40+00:00","author":{"@id":"https:\/\/rki.krtk.hun-ren.hu\/#\/schema\/person\/e9481f7d7d4f8e4dff5804fcd18a0757"},"inLanguage":"en-US","potentialAction":[{"@type":"ReadAction","target":["https:\/\/rki.krtk.hun-ren.hu\/en\/the-central-transdanubia-volume-of-the-series-regions-of-the-carpathian-basin-published\/"]}]},{"@type":"ImageObject","inLanguage":"en-US","@id":"https:\/\/rki.krtk.hun-ren.hu\/en\/the-central-transdanubia-volume-of-the-series-regions-of-the-carpathian-basin-published\/#primaryimage","url":"https:\/\/rki.krtk.hun-ren.hu\/wp-content\/uploads\/2022\/05\/placeholder.png","contentUrl":"https:\/\/rki.krtk.hun-ren.hu\/wp-content\/uploads\/2022\/05\/placeholder.png","width":1200,"height":800},{"@type":"WebSite","@id":"https:\/\/rki.krtk.hun-ren.hu\/#website","url":"https:\/\/rki.krtk.hun-ren.hu\/","name":"RKI","description":"Region\u00e1lis Kutat\u00e1sok Int\u00e9zete","potentialAction":[{"@type":"SearchAction","target":{"@type":"EntryPoint","urlTemplate":"https:\/\/rki.krtk.hun-ren.hu\/?s={search_term_string}"},"query-input":{"@type":"PropertyValueSpecification","valueRequired":true,"valueName":"search_term_string"}}],"inLanguage":"en-US"},{"@type":"Person","@id":"https:\/\/rki.krtk.hun-ren.hu\/#\/schema\/person\/e9481f7d7d4f8e4dff5804fcd18a0757","name":"admin","url":"https:\/\/rki.krtk.hun-ren.hu\/en\/author\/admin\/"}]}},"_links":{"self":[{"href":"https:\/\/rki.krtk.hun-ren.hu\/en\/wp-json\/wp\/v2\/posts\/4098","targetHints":{"allow":["GET"]}}],"collection":[{"href":"https:\/\/rki.krtk.hun-ren.hu\/en\/wp-json\/wp\/v2\/posts"}],"about":[{"href":"https:\/\/rki.krtk.hun-ren.hu\/en\/wp-json\/wp\/v2\/types\/post"}],"author":[{"embeddable":true,"href":"https:\/\/rki.krtk.hun-ren.hu\/en\/wp-json\/wp\/v2\/users\/3"}],"replies":[{"embeddable":true,"href":"https:\/\/rki.krtk.hun-ren.hu\/en\/wp-json\/wp\/v2\/comments?post=4098"}],"version-history":[{"count":0,"href":"https:\/\/rki.krtk.hun-ren.hu\/en\/wp-json\/wp\/v2\/posts\/4098\/revisions"}],"wp:featuredmedia":[{"embeddable":true,"href":"https:\/\/rki.krtk.hun-ren.hu\/en\/wp-json\/wp\/v2\/media\/38"}],"wp:attachment":[{"href":"https:\/\/rki.krtk.hun-ren.hu\/en\/wp-json\/wp\/v2\/media?parent=4098"}],"wp:term":[{"taxonomy":"category","embeddable":true,"href":"https:\/\/rki.krtk.hun-ren.hu\/en\/wp-json\/wp\/v2\/categories?post=4098"},{"taxonomy":"post_tag","embeddable":true,"href":"https:\/\/rki.krtk.hun-ren.hu\/en\/wp-json\/wp\/v2\/tags?post=4098"}],"curies":[{"name":"wp","href":"https:\/\/api.w.org\/{rel}","templated":true}]}}