{"id":4105,"date":"2013-04-25T00:00:00","date_gmt":"2013-04-25T00:00:00","guid":{"rendered":"https:\/\/rki.krtk.hun-ren.hu\/uncategorized\/jubilee-conference-of-the-transdanubian-research-institute-27th-28th-of-june-2013-pecs\/"},"modified":"2022-08-10T14:38:42","modified_gmt":"2022-08-10T14:38:42","slug":"jubilee-conference-of-the-transdanubian-research-institute-27th-28th-of-june-2013-pecs","status":"publish","type":"post","link":"https:\/\/rki.krtk.hun-ren.hu\/en\/jubilee-conference-of-the-transdanubian-research-institute-27th-28th-of-june-2013-pecs\/","title":{"rendered":"Jubilee conference of the Transdanubian Research Institute \u2013 27th-28th of June 2013, P\u00e9cs"},"content":{"rendered":"<p>  &nbsp;<\/p>\n<p style=\"text-align: center;\">  <img decoding=\"async\" alt=\"\" src=\"https:\/\/rki.krtk.hun-ren.hu\/wp-content\/uploads\/2022\/08\/homlokzat.jpg\" style=\"width: 500px; height: 221px;\" \/><\/p>\n<p align=\"center\">  &nbsp;<\/p>\n<div style=\"margin: 0cm 0cm 10pt; text-align: center;\">  <span style=\"color: rgb(51, 51, 153);\"><strong><span style=\"font-size: medium;\">TERRITORIAL COHESION IN EUROPE<\/span><\/strong><\/span><\/div>\n<div style=\"margin: 0cm 0cm 10pt; text-align: center;\">  <span style=\"color: rgb(51, 51, 153);\"><strong>INTERNATIONAL CONFERENCE FOR THE<\/strong><\/span><\/div>\n<div style=\"margin: 0cm 0cm 10pt; text-align: center;\">  <span style=\"color: rgb(51, 51, 153);\"><strong><span style=\"font-size: medium;\">70<sup><font size=\"1\">th<\/font><\/sup> ANNIVERSARY OF THE TRANSDANUBIAN RESEARCH INSTITUTE<\/span><\/strong><\/span><\/div>\n<p>  &nbsp;<\/p>\n<p style=\"text-align: justify;\">  The Transdanubian Research Institute (recently Department) of the Hungarian Academy of Sciences Centre for Economic and Regional Studies Institute for Regional Studies (HAS CERS IRS) celebrates the 70th anniversary this year.<\/p>\n<p style=\"text-align: justify;\">  This is an excellent opportunity to invite our international and national academic partners; to bring together well-known senior experts and talented junior research fellows; and of course, to discuss fruitfully and prospectively about the current research developments on regional policy and territorial cohesion.<\/p>\n<p style=\"text-align: justify;\">  <strong>The conference will take place on the 27<sup>th<\/sup>&ndash;28<sup>th <\/sup>of June 2013 in <\/strong>the Zsolnay Cultural Quarter of P&eacute;cs (click <a href=\"http:\/\/www.rkk.hu\/rkk\/conference\/2013\/DTI70\/Pecs_map.jpg\" target=\"_blank\" rel=\"noopener\"><strong><u>HERE <\/u><\/strong><\/a>for map). <strong>The working language of the symposium is English<\/strong>.<\/p>\n<p>  &nbsp;<\/p>\n<p style=\"text-align: justify;\">  For the preliminary conference programme please click <a href=\"http:\/\/www.rkk.hu\/rkk\/conference\/2013\/DTI70\/DTI70_Program_0424.pdf\" target=\"_blank\" rel=\"noopener\"><strong><u>HERE<\/u><\/strong><\/a>.<\/p>\n<p>  &nbsp;<\/p>\n<p style=\"text-align: justify;\">  <strong>The registration fee is 25.000 HUF or 85 EUR. <\/strong>It includes attendance to the symposium, conference material with final program, the edited proceedings, coffee breaks, lunches and gala dinner.<\/p>\n<p style=\"text-align: justify;\">  If you would like to sign up, please click <a href=\"http:\/\/surveyor.rkk.hu\/index.php?sid=87135&amp;lang=en&amp;newtest=Y\" target=\"_blank\" rel=\"noopener\"><strong><u>HERE<\/u> <\/strong><\/a>and fill the registration form.<\/p>\n<p>  &nbsp;<\/p>\n<p style=\"text-align: justify;\">  <strong>Information about how to pay the registration fee via bank transfer<\/strong><br \/>  Please, be so kind, and use the OUR (the remitter pay all transfer charges) option.<\/p>\n<p style=\"text-align: justify;\">  <strong>Institution<\/strong>: MTA K&ouml;zgazdas&aacute;g- &eacute;s Region&aacute;lis Tudom&aacute;nyi Kutat&oacute;k&ouml;zpont<br \/>  <strong>Address:<\/strong> H-7621 P&eacute;cs, Papn&ouml;velde u. 22. (Hungary)<br \/>  <strong>Bank:<\/strong> Magyar &Aacute;llamkincst&aacute;r M&Aacute;K<br \/>  <strong>Address of the bank<\/strong>: 1139 Budapest, V&aacute;ci &uacute;t 71.<br \/>  <strong>Account number<\/strong>: 10032000-01717929-00000000 (<strong>for internal transfer<\/strong>)<br \/>  <strong>IBAN<\/strong>: HU25 10032000-01717929-00000000 (<strong>for transfer from foreign countries<\/strong>)<br \/>  <strong>BIC (SWIFT) code:<\/strong> MANEHUHB<br \/>  <strong>Comment to the transfer<\/strong>: Name(s) and &ldquo;MTA Konferencia&rdquo;<\/p>\n<p>  <strong>About the invoicing<\/strong><br \/>  First, please, fill in the form, available <a href=\"http:\/\/www.rkk.hu\/rkk\/conference\/2013\/DTI70\/Request_for_invoice.doc\" target=\"_blank\" rel=\"noopener\"><u><strong>HERE<\/strong><\/u><\/a>. Than forward it to the contact person, Zolt&aacute;n Gr&uuml;nhut (grunhut@rkk.hu). We&rsquo;ll send back an electronic, official invoice. At the event, we&rsquo;ll give you the paper one.<\/p>\n<p style=\"text-align: justify;\">  &nbsp;<\/p>\n<p>  <strong>Accommodation opportunities<\/strong><br \/>  <a href=\"http:\/\/corsohotel.hu\/en\/fooldal\/fooldal\" target=\"_blank\" rel=\"noopener\">Corso Hotel<\/a>, <a href=\"http:\/\/www.danubiushotels.com\/our_hotels\/hungary\/pecs\/hotel_palatinus\" target=\"_blank\" rel=\"noopener\">Palatinus Hotel<\/a>, <a href=\"http:\/\/www.danubiushotels.com\/our_hotels\/hungary\/pecs\/hotel_patria\" target=\"_blank\" rel=\"noopener\">Patria Hotel<\/a>, <a href=\"http:\/\/www.hotelarkadiapecs.hu\/\" target=\"_blank\" rel=\"noopener\">Arkadia Hotel<\/a>, <a href=\"http:\/\/www.booking.com\/searchresults.html?src=index&amp;error_url=http%3A%2F%2Fwww.booking.com%2Findex.en-gb.html%3Fsid%3D0bb22aa01a3079e1ac26c164a999863f%3Bdcid%3D1%3B&amp;dcid=1&amp;lang=en-gb&amp;sid=0bb22aa01a3079e1ac26c164a999863f&amp;si=ai%2Cco%2Cci%2Cre%2Cdi&amp;ss=P%C3%A9cs%2C+Hungary&amp;checkin_monthday=0&amp;checkin_year_month=0&amp;checkout_monthday=0&amp;checkout_year_month=0&amp;idf=on&amp;org_nr_rooms=1&amp;org_nr_adults=2&amp;org_nr_children=0&amp;dest_type=city&amp;dest_id=-864189&amp;ac_pageview_id=16e23b284bb80257\" target=\"_blank\" rel=\"noopener\">others<\/a><\/p>\n<p>  &nbsp;<\/p>\n<p>  <strong>Contact<\/strong><br \/>  Zolt&aacute;n GR&Uuml;NHUT PhD junior research fellow<br \/>  H-7621 P&eacute;cs, Papn&ouml;velde u. 22.<br \/>  Email: <a href=\"mailto:grunhut@rkk.hu\">grunhut@rkk.hu<\/a><\/p>\n","protected":false},"excerpt":{"rendered":"<p>The Transdanubian Research Institute (Dun\u00e1nt\u00fali Tudom\u00e1nyos Int\u00e9zet in Hungarian) was founded in year 1943. This was an excellent opportunity to invite our international and national academic partners; to bring together well-known senior experts and talented junior research fellows; and of course, to discuss fruitfully and prospectively about the current research developments on regional policy and territorial cohesion. For the 70th anniversary the TRI organised a two-day international conference on the 27th\u201328th of June 2013 in the Zsolnay Cultural Quarter of P\u00e9cs. The conference&#8217;s presentations and photos are available on the TRI&#8217;s 70-year anniversary website.<\/p>\n","protected":false},"author":3,"featured_media":4106,"comment_status":"open","ping_status":"open","sticky":false,"template":"","format":"standard","meta":{"_acf_changed":false,"inline_featured_image":false,"footnotes":"","_links_to":"","_links_to_target":""},"categories":[196],"tags":[341],"class_list":["post-4105","post","type-post","status-publish","format-standard","has-post-thumbnail","hentry","category-news","tag-70th-anniversary-of-the-transdanubian-research-institute"],"acf":[],"yoast_head":"<!-- This site is optimized with the Yoast SEO plugin v27.3 - https:\/\/yoast.com\/product\/yoast-seo-wordpress\/ -->\n<title>Jubilee conference of the Transdanubian Research Institute \u2013 27th-28th of June 2013, P\u00e9cs - RKI<\/title>\n<meta name=\"robots\" content=\"index, follow, max-snippet:-1, max-image-preview:large, max-video-preview:-1\" \/>\n<link rel=\"canonical\" href=\"https:\/\/rki.krtk.hun-ren.hu\/en\/jubilee-conference-of-the-transdanubian-research-institute-27th-28th-of-june-2013-pecs\/\" \/>\n<meta property=\"og:locale\" content=\"en_US\" \/>\n<meta property=\"og:type\" content=\"article\" \/>\n<meta property=\"og:title\" content=\"Jubilee conference of the Transdanubian Research Institute \u2013 27th-28th of June 2013, P\u00e9cs - RKI\" \/>\n<meta property=\"og:description\" content=\"The Transdanubian Research Institute (Dun\u00e1nt\u00fali Tudom\u00e1nyos Int\u00e9zet in Hungarian) was founded in year 1943. This was an excellent opportunity to invite our international and national academic partners; to bring together well-known senior experts and talented junior research fellows; and of course, to discuss fruitfully and prospectively about the current research developments on regional policy and territorial cohesion. For the 70th anniversary the TRI organised a two-day international conference on the 27th\u201328th of June 2013 in the Zsolnay Cultural Quarter of P\u00e9cs. The conference&#039;s presentations and photos are available on the TRI&#039;s 70-year anniversary website.\" \/>\n<meta property=\"og:url\" content=\"https:\/\/rki.krtk.hun-ren.hu\/en\/jubilee-conference-of-the-transdanubian-research-institute-27th-28th-of-june-2013-pecs\/\" \/>\n<meta property=\"og:site_name\" content=\"RKI\" \/>\n<meta property=\"article:published_time\" content=\"2013-04-25T00:00:00+00:00\" \/>\n<meta property=\"article:modified_time\" content=\"2022-08-10T14:38:42+00:00\" \/>\n<meta property=\"og:image\" content=\"https:\/\/rki.krtk.hun-ren.hu\/wp-content\/uploads\/2022\/08\/homlokzat.jpg\" \/>\n\t<meta property=\"og:image:width\" content=\"1404\" \/>\n\t<meta property=\"og:image:height\" content=\"620\" \/>\n\t<meta property=\"og:image:type\" content=\"image\/jpeg\" \/>\n<meta name=\"author\" content=\"admin\" \/>\n<meta name=\"twitter:card\" content=\"summary_large_image\" \/>\n<meta name=\"twitter:label1\" content=\"Written by\" \/>\n\t<meta name=\"twitter:data1\" content=\"admin\" \/>\n\t<meta name=\"twitter:label2\" content=\"Est. reading time\" \/>\n\t<meta name=\"twitter:data2\" content=\"2 minutes\" \/>\n<script type=\"application\/ld+json\" class=\"yoast-schema-graph\">{\"@context\":\"https:\\\/\\\/schema.org\",\"@graph\":[{\"@type\":\"Article\",\"@id\":\"https:\\\/\\\/rki.krtk.hun-ren.hu\\\/en\\\/jubilee-conference-of-the-transdanubian-research-institute-27th-28th-of-june-2013-pecs\\\/#article\",\"isPartOf\":{\"@id\":\"https:\\\/\\\/rki.krtk.hun-ren.hu\\\/en\\\/jubilee-conference-of-the-transdanubian-research-institute-27th-28th-of-june-2013-pecs\\\/\"},\"author\":{\"name\":\"admin\",\"@id\":\"https:\\\/\\\/rki.krtk.hun-ren.hu\\\/#\\\/schema\\\/person\\\/e9481f7d7d4f8e4dff5804fcd18a0757\"},\"headline\":\"Jubilee conference of the Transdanubian Research Institute \u2013 27th-28th of June 2013, P\u00e9cs\",\"datePublished\":\"2013-04-25T00:00:00+00:00\",\"dateModified\":\"2022-08-10T14:38:42+00:00\",\"mainEntityOfPage\":{\"@id\":\"https:\\\/\\\/rki.krtk.hun-ren.hu\\\/en\\\/jubilee-conference-of-the-transdanubian-research-institute-27th-28th-of-june-2013-pecs\\\/\"},\"wordCount\":380,\"commentCount\":0,\"image\":{\"@id\":\"https:\\\/\\\/rki.krtk.hun-ren.hu\\\/en\\\/jubilee-conference-of-the-transdanubian-research-institute-27th-28th-of-june-2013-pecs\\\/#primaryimage\"},\"thumbnailUrl\":\"https:\\\/\\\/rki.krtk.hun-ren.hu\\\/wp-content\\\/uploads\\\/2022\\\/08\\\/homlokzat.jpg\",\"keywords\":[\"70th Anniversary of the Transdanubian Research Institute\"],\"articleSection\":[\"News\"],\"inLanguage\":\"en-US\"},{\"@type\":\"WebPage\",\"@id\":\"https:\\\/\\\/rki.krtk.hun-ren.hu\\\/en\\\/jubilee-conference-of-the-transdanubian-research-institute-27th-28th-of-june-2013-pecs\\\/\",\"url\":\"https:\\\/\\\/rki.krtk.hun-ren.hu\\\/en\\\/jubilee-conference-of-the-transdanubian-research-institute-27th-28th-of-june-2013-pecs\\\/\",\"name\":\"Jubilee conference of the Transdanubian Research Institute \u2013 27th-28th of June 2013, P\u00e9cs - RKI\",\"isPartOf\":{\"@id\":\"https:\\\/\\\/rki.krtk.hun-ren.hu\\\/#website\"},\"primaryImageOfPage\":{\"@id\":\"https:\\\/\\\/rki.krtk.hun-ren.hu\\\/en\\\/jubilee-conference-of-the-transdanubian-research-institute-27th-28th-of-june-2013-pecs\\\/#primaryimage\"},\"image\":{\"@id\":\"https:\\\/\\\/rki.krtk.hun-ren.hu\\\/en\\\/jubilee-conference-of-the-transdanubian-research-institute-27th-28th-of-june-2013-pecs\\\/#primaryimage\"},\"thumbnailUrl\":\"https:\\\/\\\/rki.krtk.hun-ren.hu\\\/wp-content\\\/uploads\\\/2022\\\/08\\\/homlokzat.jpg\",\"datePublished\":\"2013-04-25T00:00:00+00:00\",\"dateModified\":\"2022-08-10T14:38:42+00:00\",\"author\":{\"@id\":\"https:\\\/\\\/rki.krtk.hun-ren.hu\\\/#\\\/schema\\\/person\\\/e9481f7d7d4f8e4dff5804fcd18a0757\"},\"inLanguage\":\"en-US\",\"potentialAction\":[{\"@type\":\"ReadAction\",\"target\":[\"https:\\\/\\\/rki.krtk.hun-ren.hu\\\/en\\\/jubilee-conference-of-the-transdanubian-research-institute-27th-28th-of-june-2013-pecs\\\/\"]}]},{\"@type\":\"ImageObject\",\"inLanguage\":\"en-US\",\"@id\":\"https:\\\/\\\/rki.krtk.hun-ren.hu\\\/en\\\/jubilee-conference-of-the-transdanubian-research-institute-27th-28th-of-june-2013-pecs\\\/#primaryimage\",\"url\":\"https:\\\/\\\/rki.krtk.hun-ren.hu\\\/wp-content\\\/uploads\\\/2022\\\/08\\\/homlokzat.jpg\",\"contentUrl\":\"https:\\\/\\\/rki.krtk.hun-ren.hu\\\/wp-content\\\/uploads\\\/2022\\\/08\\\/homlokzat.jpg\",\"width\":1404,\"height\":620},{\"@type\":\"WebSite\",\"@id\":\"https:\\\/\\\/rki.krtk.hun-ren.hu\\\/#website\",\"url\":\"https:\\\/\\\/rki.krtk.hun-ren.hu\\\/\",\"name\":\"RKI\",\"description\":\"Region\u00e1lis Kutat\u00e1sok Int\u00e9zete\",\"potentialAction\":[{\"@type\":\"SearchAction\",\"target\":{\"@type\":\"EntryPoint\",\"urlTemplate\":\"https:\\\/\\\/rki.krtk.hun-ren.hu\\\/?s={search_term_string}\"},\"query-input\":{\"@type\":\"PropertyValueSpecification\",\"valueRequired\":true,\"valueName\":\"search_term_string\"}}],\"inLanguage\":\"en-US\"},{\"@type\":\"Person\",\"@id\":\"https:\\\/\\\/rki.krtk.hun-ren.hu\\\/#\\\/schema\\\/person\\\/e9481f7d7d4f8e4dff5804fcd18a0757\",\"name\":\"admin\",\"url\":\"https:\\\/\\\/rki.krtk.hun-ren.hu\\\/en\\\/author\\\/admin\\\/\"}]}<\/script>\n<!-- \/ Yoast SEO plugin. -->","yoast_head_json":{"title":"Jubilee conference of the Transdanubian Research Institute \u2013 27th-28th of June 2013, P\u00e9cs - RKI","robots":{"index":"index","follow":"follow","max-snippet":"max-snippet:-1","max-image-preview":"max-image-preview:large","max-video-preview":"max-video-preview:-1"},"canonical":"https:\/\/rki.krtk.hun-ren.hu\/en\/jubilee-conference-of-the-transdanubian-research-institute-27th-28th-of-june-2013-pecs\/","og_locale":"en_US","og_type":"article","og_title":"Jubilee conference of the Transdanubian Research Institute \u2013 27th-28th of June 2013, P\u00e9cs - RKI","og_description":"The Transdanubian Research Institute (Dun\u00e1nt\u00fali Tudom\u00e1nyos Int\u00e9zet in Hungarian) was founded in year 1943. This was an excellent opportunity to invite our international and national academic partners; to bring together well-known senior experts and talented junior research fellows; and of course, to discuss fruitfully and prospectively about the current research developments on regional policy and territorial cohesion. For the 70th anniversary the TRI organised a two-day international conference on the 27th\u201328th of June 2013 in the Zsolnay Cultural Quarter of P\u00e9cs. The conference's presentations and photos are available on the TRI's 70-year anniversary website.","og_url":"https:\/\/rki.krtk.hun-ren.hu\/en\/jubilee-conference-of-the-transdanubian-research-institute-27th-28th-of-june-2013-pecs\/","og_site_name":"RKI","article_published_time":"2013-04-25T00:00:00+00:00","article_modified_time":"2022-08-10T14:38:42+00:00","og_image":[{"width":1404,"height":620,"url":"https:\/\/rki.krtk.hun-ren.hu\/wp-content\/uploads\/2022\/08\/homlokzat.jpg","type":"image\/jpeg"}],"author":"admin","twitter_card":"summary_large_image","twitter_misc":{"Written by":"admin","Est. reading time":"2 minutes"},"schema":{"@context":"https:\/\/schema.org","@graph":[{"@type":"Article","@id":"https:\/\/rki.krtk.hun-ren.hu\/en\/jubilee-conference-of-the-transdanubian-research-institute-27th-28th-of-june-2013-pecs\/#article","isPartOf":{"@id":"https:\/\/rki.krtk.hun-ren.hu\/en\/jubilee-conference-of-the-transdanubian-research-institute-27th-28th-of-june-2013-pecs\/"},"author":{"name":"admin","@id":"https:\/\/rki.krtk.hun-ren.hu\/#\/schema\/person\/e9481f7d7d4f8e4dff5804fcd18a0757"},"headline":"Jubilee conference of the Transdanubian Research Institute \u2013 27th-28th of June 2013, P\u00e9cs","datePublished":"2013-04-25T00:00:00+00:00","dateModified":"2022-08-10T14:38:42+00:00","mainEntityOfPage":{"@id":"https:\/\/rki.krtk.hun-ren.hu\/en\/jubilee-conference-of-the-transdanubian-research-institute-27th-28th-of-june-2013-pecs\/"},"wordCount":380,"commentCount":0,"image":{"@id":"https:\/\/rki.krtk.hun-ren.hu\/en\/jubilee-conference-of-the-transdanubian-research-institute-27th-28th-of-june-2013-pecs\/#primaryimage"},"thumbnailUrl":"https:\/\/rki.krtk.hun-ren.hu\/wp-content\/uploads\/2022\/08\/homlokzat.jpg","keywords":["70th Anniversary of the Transdanubian Research Institute"],"articleSection":["News"],"inLanguage":"en-US"},{"@type":"WebPage","@id":"https:\/\/rki.krtk.hun-ren.hu\/en\/jubilee-conference-of-the-transdanubian-research-institute-27th-28th-of-june-2013-pecs\/","url":"https:\/\/rki.krtk.hun-ren.hu\/en\/jubilee-conference-of-the-transdanubian-research-institute-27th-28th-of-june-2013-pecs\/","name":"Jubilee conference of the Transdanubian Research Institute \u2013 27th-28th of June 2013, P\u00e9cs - RKI","isPartOf":{"@id":"https:\/\/rki.krtk.hun-ren.hu\/#website"},"primaryImageOfPage":{"@id":"https:\/\/rki.krtk.hun-ren.hu\/en\/jubilee-conference-of-the-transdanubian-research-institute-27th-28th-of-june-2013-pecs\/#primaryimage"},"image":{"@id":"https:\/\/rki.krtk.hun-ren.hu\/en\/jubilee-conference-of-the-transdanubian-research-institute-27th-28th-of-june-2013-pecs\/#primaryimage"},"thumbnailUrl":"https:\/\/rki.krtk.hun-ren.hu\/wp-content\/uploads\/2022\/08\/homlokzat.jpg","datePublished":"2013-04-25T00:00:00+00:00","dateModified":"2022-08-10T14:38:42+00:00","author":{"@id":"https:\/\/rki.krtk.hun-ren.hu\/#\/schema\/person\/e9481f7d7d4f8e4dff5804fcd18a0757"},"inLanguage":"en-US","potentialAction":[{"@type":"ReadAction","target":["https:\/\/rki.krtk.hun-ren.hu\/en\/jubilee-conference-of-the-transdanubian-research-institute-27th-28th-of-june-2013-pecs\/"]}]},{"@type":"ImageObject","inLanguage":"en-US","@id":"https:\/\/rki.krtk.hun-ren.hu\/en\/jubilee-conference-of-the-transdanubian-research-institute-27th-28th-of-june-2013-pecs\/#primaryimage","url":"https:\/\/rki.krtk.hun-ren.hu\/wp-content\/uploads\/2022\/08\/homlokzat.jpg","contentUrl":"https:\/\/rki.krtk.hun-ren.hu\/wp-content\/uploads\/2022\/08\/homlokzat.jpg","width":1404,"height":620},{"@type":"WebSite","@id":"https:\/\/rki.krtk.hun-ren.hu\/#website","url":"https:\/\/rki.krtk.hun-ren.hu\/","name":"RKI","description":"Region\u00e1lis Kutat\u00e1sok Int\u00e9zete","potentialAction":[{"@type":"SearchAction","target":{"@type":"EntryPoint","urlTemplate":"https:\/\/rki.krtk.hun-ren.hu\/?s={search_term_string}"},"query-input":{"@type":"PropertyValueSpecification","valueRequired":true,"valueName":"search_term_string"}}],"inLanguage":"en-US"},{"@type":"Person","@id":"https:\/\/rki.krtk.hun-ren.hu\/#\/schema\/person\/e9481f7d7d4f8e4dff5804fcd18a0757","name":"admin","url":"https:\/\/rki.krtk.hun-ren.hu\/en\/author\/admin\/"}]}},"_links":{"self":[{"href":"https:\/\/rki.krtk.hun-ren.hu\/en\/wp-json\/wp\/v2\/posts\/4105","targetHints":{"allow":["GET"]}}],"collection":[{"href":"https:\/\/rki.krtk.hun-ren.hu\/en\/wp-json\/wp\/v2\/posts"}],"about":[{"href":"https:\/\/rki.krtk.hun-ren.hu\/en\/wp-json\/wp\/v2\/types\/post"}],"author":[{"embeddable":true,"href":"https:\/\/rki.krtk.hun-ren.hu\/en\/wp-json\/wp\/v2\/users\/3"}],"replies":[{"embeddable":true,"href":"https:\/\/rki.krtk.hun-ren.hu\/en\/wp-json\/wp\/v2\/comments?post=4105"}],"version-history":[{"count":0,"href":"https:\/\/rki.krtk.hun-ren.hu\/en\/wp-json\/wp\/v2\/posts\/4105\/revisions"}],"wp:featuredmedia":[{"embeddable":true,"href":"https:\/\/rki.krtk.hun-ren.hu\/en\/wp-json\/wp\/v2\/media\/4106"}],"wp:attachment":[{"href":"https:\/\/rki.krtk.hun-ren.hu\/en\/wp-json\/wp\/v2\/media?parent=4105"}],"wp:term":[{"taxonomy":"category","embeddable":true,"href":"https:\/\/rki.krtk.hun-ren.hu\/en\/wp-json\/wp\/v2\/categories?post=4105"},{"taxonomy":"post_tag","embeddable":true,"href":"https:\/\/rki.krtk.hun-ren.hu\/en\/wp-json\/wp\/v2\/tags?post=4105"}],"curies":[{"name":"wp","href":"https:\/\/api.w.org\/{rel}","templated":true}]}}