{"id":4128,"date":"2017-04-26T00:00:00","date_gmt":"2017-04-26T00:00:00","guid":{"rendered":"https:\/\/rki.krtk.hun-ren.hu\/uncategorized\/obituary-professor-dr-gyula-horvath-1951-2015\/"},"modified":"2017-04-26T00:00:00","modified_gmt":"2017-04-26T00:00:00","slug":"obituary-professor-dr-gyula-horvath-1951-2015","status":"publish","type":"post","link":"https:\/\/rki.krtk.hun-ren.hu\/en\/obituary-professor-dr-gyula-horvath-1951-2015\/","title":{"rendered":"Obituary &#8211; Professor Dr. Gyula Horv\u00e1th (1951-2015)"},"content":{"rendered":"","protected":false},"excerpt":{"rendered":"<p>Hungarian social science has suffered a great loss with the tragically sudden death of Gyula Horv\u00e1th. Gyula Horv\u00e1th was for 15 years Director-General of the Centre for Regional Studies of the Hungarian Academy of Sciences, he was also scientific advisor of the HAS Centre for Economic and Regional Studies, professor of the University of P\u00e9cs and Doctor of the Hungarian Academy of Sciences. Gyula Horv\u00e1th would have been 64 years old on the 4th of October.<\/p>\n","protected":false},"author":3,"featured_media":38,"comment_status":"open","ping_status":"open","sticky":false,"template":"","format":"standard","meta":{"_acf_changed":false,"inline_featured_image":false,"footnotes":"","_links_to":"","_links_to_target":""},"categories":[196],"tags":[354],"class_list":["post-4128","post","type-post","status-publish","format-standard","has-post-thumbnail","hentry","category-news","tag-obituary-professor-dr-gyula-horvath-1951-2015"],"acf":[],"yoast_head":"<!-- This site is optimized with the Yoast SEO plugin v27.3 - https:\/\/yoast.com\/product\/yoast-seo-wordpress\/ -->\n<title>Obituary - Professor Dr. Gyula Horv\u00e1th (1951-2015) - RKI<\/title>\n<meta name=\"robots\" content=\"index, follow, max-snippet:-1, max-image-preview:large, max-video-preview:-1\" \/>\n<link rel=\"canonical\" href=\"https:\/\/rki.krtk.hun-ren.hu\/en\/obituary-professor-dr-gyula-horvath-1951-2015\/\" \/>\n<meta property=\"og:locale\" content=\"en_US\" \/>\n<meta property=\"og:type\" content=\"article\" \/>\n<meta property=\"og:title\" content=\"Obituary - Professor Dr. Gyula Horv\u00e1th (1951-2015) - RKI\" \/>\n<meta property=\"og:description\" content=\"Hungarian social science has suffered a great loss with the tragically sudden death of Gyula Horv\u00e1th. Gyula Horv\u00e1th was for 15 years Director-General of the Centre for Regional Studies of the Hungarian Academy of Sciences, he was also scientific advisor of the HAS Centre for Economic and Regional Studies, professor of the University of P\u00e9cs and Doctor of the Hungarian Academy of Sciences. Gyula Horv\u00e1th would have been 64 years old on the 4th of October.\" \/>\n<meta property=\"og:url\" content=\"https:\/\/rki.krtk.hun-ren.hu\/en\/obituary-professor-dr-gyula-horvath-1951-2015\/\" \/>\n<meta property=\"og:site_name\" content=\"RKI\" \/>\n<meta property=\"article:published_time\" content=\"2017-04-26T00:00:00+00:00\" \/>\n<meta property=\"og:image\" content=\"https:\/\/rki.krtk.hun-ren.hu\/wp-content\/uploads\/2022\/05\/placeholder.png\" \/>\n\t<meta property=\"og:image:width\" content=\"1200\" \/>\n\t<meta property=\"og:image:height\" content=\"800\" \/>\n\t<meta property=\"og:image:type\" content=\"image\/png\" \/>\n<meta name=\"author\" content=\"admin\" \/>\n<meta name=\"twitter:card\" content=\"summary_large_image\" \/>\n<meta name=\"twitter:label1\" content=\"Written by\" \/>\n\t<meta name=\"twitter:data1\" content=\"admin\" \/>\n<script type=\"application\/ld+json\" class=\"yoast-schema-graph\">{\"@context\":\"https:\\\/\\\/schema.org\",\"@graph\":[{\"@type\":\"Article\",\"@id\":\"https:\\\/\\\/rki.krtk.hun-ren.hu\\\/en\\\/obituary-professor-dr-gyula-horvath-1951-2015\\\/#article\",\"isPartOf\":{\"@id\":\"https:\\\/\\\/rki.krtk.hun-ren.hu\\\/en\\\/obituary-professor-dr-gyula-horvath-1951-2015\\\/\"},\"author\":{\"name\":\"admin\",\"@id\":\"https:\\\/\\\/rki.krtk.hun-ren.hu\\\/#\\\/schema\\\/person\\\/e9481f7d7d4f8e4dff5804fcd18a0757\"},\"headline\":\"Obituary &#8211; Professor Dr. Gyula Horv\u00e1th (1951-2015)\",\"datePublished\":\"2017-04-26T00:00:00+00:00\",\"mainEntityOfPage\":{\"@id\":\"https:\\\/\\\/rki.krtk.hun-ren.hu\\\/en\\\/obituary-professor-dr-gyula-horvath-1951-2015\\\/\"},\"wordCount\":8,\"commentCount\":0,\"image\":{\"@id\":\"https:\\\/\\\/rki.krtk.hun-ren.hu\\\/en\\\/obituary-professor-dr-gyula-horvath-1951-2015\\\/#primaryimage\"},\"thumbnailUrl\":\"https:\\\/\\\/rki.krtk.hun-ren.hu\\\/wp-content\\\/uploads\\\/2022\\\/05\\\/placeholder.png\",\"keywords\":[\"Obituary - Professor Dr. Gyula Horv\u00e1th (1951-2015)\"],\"articleSection\":[\"News\"],\"inLanguage\":\"en-US\"},{\"@type\":\"WebPage\",\"@id\":\"https:\\\/\\\/rki.krtk.hun-ren.hu\\\/en\\\/obituary-professor-dr-gyula-horvath-1951-2015\\\/\",\"url\":\"https:\\\/\\\/rki.krtk.hun-ren.hu\\\/en\\\/obituary-professor-dr-gyula-horvath-1951-2015\\\/\",\"name\":\"Obituary - Professor Dr. Gyula Horv\u00e1th (1951-2015) - RKI\",\"isPartOf\":{\"@id\":\"https:\\\/\\\/rki.krtk.hun-ren.hu\\\/#website\"},\"primaryImageOfPage\":{\"@id\":\"https:\\\/\\\/rki.krtk.hun-ren.hu\\\/en\\\/obituary-professor-dr-gyula-horvath-1951-2015\\\/#primaryimage\"},\"image\":{\"@id\":\"https:\\\/\\\/rki.krtk.hun-ren.hu\\\/en\\\/obituary-professor-dr-gyula-horvath-1951-2015\\\/#primaryimage\"},\"thumbnailUrl\":\"https:\\\/\\\/rki.krtk.hun-ren.hu\\\/wp-content\\\/uploads\\\/2022\\\/05\\\/placeholder.png\",\"datePublished\":\"2017-04-26T00:00:00+00:00\",\"author\":{\"@id\":\"https:\\\/\\\/rki.krtk.hun-ren.hu\\\/#\\\/schema\\\/person\\\/e9481f7d7d4f8e4dff5804fcd18a0757\"},\"inLanguage\":\"en-US\",\"potentialAction\":[{\"@type\":\"ReadAction\",\"target\":[\"https:\\\/\\\/rki.krtk.hun-ren.hu\\\/en\\\/obituary-professor-dr-gyula-horvath-1951-2015\\\/\"]}]},{\"@type\":\"ImageObject\",\"inLanguage\":\"en-US\",\"@id\":\"https:\\\/\\\/rki.krtk.hun-ren.hu\\\/en\\\/obituary-professor-dr-gyula-horvath-1951-2015\\\/#primaryimage\",\"url\":\"https:\\\/\\\/rki.krtk.hun-ren.hu\\\/wp-content\\\/uploads\\\/2022\\\/05\\\/placeholder.png\",\"contentUrl\":\"https:\\\/\\\/rki.krtk.hun-ren.hu\\\/wp-content\\\/uploads\\\/2022\\\/05\\\/placeholder.png\",\"width\":1200,\"height\":800},{\"@type\":\"WebSite\",\"@id\":\"https:\\\/\\\/rki.krtk.hun-ren.hu\\\/#website\",\"url\":\"https:\\\/\\\/rki.krtk.hun-ren.hu\\\/\",\"name\":\"RKI\",\"description\":\"Region\u00e1lis Kutat\u00e1sok Int\u00e9zete\",\"potentialAction\":[{\"@type\":\"SearchAction\",\"target\":{\"@type\":\"EntryPoint\",\"urlTemplate\":\"https:\\\/\\\/rki.krtk.hun-ren.hu\\\/?s={search_term_string}\"},\"query-input\":{\"@type\":\"PropertyValueSpecification\",\"valueRequired\":true,\"valueName\":\"search_term_string\"}}],\"inLanguage\":\"en-US\"},{\"@type\":\"Person\",\"@id\":\"https:\\\/\\\/rki.krtk.hun-ren.hu\\\/#\\\/schema\\\/person\\\/e9481f7d7d4f8e4dff5804fcd18a0757\",\"name\":\"admin\",\"url\":\"https:\\\/\\\/rki.krtk.hun-ren.hu\\\/en\\\/author\\\/admin\\\/\"}]}<\/script>\n<!-- \/ Yoast SEO plugin. -->","yoast_head_json":{"title":"Obituary - Professor Dr. Gyula Horv\u00e1th (1951-2015) - RKI","robots":{"index":"index","follow":"follow","max-snippet":"max-snippet:-1","max-image-preview":"max-image-preview:large","max-video-preview":"max-video-preview:-1"},"canonical":"https:\/\/rki.krtk.hun-ren.hu\/en\/obituary-professor-dr-gyula-horvath-1951-2015\/","og_locale":"en_US","og_type":"article","og_title":"Obituary - Professor Dr. Gyula Horv\u00e1th (1951-2015) - RKI","og_description":"Hungarian social science has suffered a great loss with the tragically sudden death of Gyula Horv\u00e1th. Gyula Horv\u00e1th was for 15 years Director-General of the Centre for Regional Studies of the Hungarian Academy of Sciences, he was also scientific advisor of the HAS Centre for Economic and Regional Studies, professor of the University of P\u00e9cs and Doctor of the Hungarian Academy of Sciences. Gyula Horv\u00e1th would have been 64 years old on the 4th of October.","og_url":"https:\/\/rki.krtk.hun-ren.hu\/en\/obituary-professor-dr-gyula-horvath-1951-2015\/","og_site_name":"RKI","article_published_time":"2017-04-26T00:00:00+00:00","og_image":[{"width":1200,"height":800,"url":"https:\/\/rki.krtk.hun-ren.hu\/wp-content\/uploads\/2022\/05\/placeholder.png","type":"image\/png"}],"author":"admin","twitter_card":"summary_large_image","twitter_misc":{"Written by":"admin"},"schema":{"@context":"https:\/\/schema.org","@graph":[{"@type":"Article","@id":"https:\/\/rki.krtk.hun-ren.hu\/en\/obituary-professor-dr-gyula-horvath-1951-2015\/#article","isPartOf":{"@id":"https:\/\/rki.krtk.hun-ren.hu\/en\/obituary-professor-dr-gyula-horvath-1951-2015\/"},"author":{"name":"admin","@id":"https:\/\/rki.krtk.hun-ren.hu\/#\/schema\/person\/e9481f7d7d4f8e4dff5804fcd18a0757"},"headline":"Obituary &#8211; Professor Dr. Gyula Horv\u00e1th (1951-2015)","datePublished":"2017-04-26T00:00:00+00:00","mainEntityOfPage":{"@id":"https:\/\/rki.krtk.hun-ren.hu\/en\/obituary-professor-dr-gyula-horvath-1951-2015\/"},"wordCount":8,"commentCount":0,"image":{"@id":"https:\/\/rki.krtk.hun-ren.hu\/en\/obituary-professor-dr-gyula-horvath-1951-2015\/#primaryimage"},"thumbnailUrl":"https:\/\/rki.krtk.hun-ren.hu\/wp-content\/uploads\/2022\/05\/placeholder.png","keywords":["Obituary - Professor Dr. Gyula Horv\u00e1th (1951-2015)"],"articleSection":["News"],"inLanguage":"en-US"},{"@type":"WebPage","@id":"https:\/\/rki.krtk.hun-ren.hu\/en\/obituary-professor-dr-gyula-horvath-1951-2015\/","url":"https:\/\/rki.krtk.hun-ren.hu\/en\/obituary-professor-dr-gyula-horvath-1951-2015\/","name":"Obituary - Professor Dr. Gyula Horv\u00e1th (1951-2015) - RKI","isPartOf":{"@id":"https:\/\/rki.krtk.hun-ren.hu\/#website"},"primaryImageOfPage":{"@id":"https:\/\/rki.krtk.hun-ren.hu\/en\/obituary-professor-dr-gyula-horvath-1951-2015\/#primaryimage"},"image":{"@id":"https:\/\/rki.krtk.hun-ren.hu\/en\/obituary-professor-dr-gyula-horvath-1951-2015\/#primaryimage"},"thumbnailUrl":"https:\/\/rki.krtk.hun-ren.hu\/wp-content\/uploads\/2022\/05\/placeholder.png","datePublished":"2017-04-26T00:00:00+00:00","author":{"@id":"https:\/\/rki.krtk.hun-ren.hu\/#\/schema\/person\/e9481f7d7d4f8e4dff5804fcd18a0757"},"inLanguage":"en-US","potentialAction":[{"@type":"ReadAction","target":["https:\/\/rki.krtk.hun-ren.hu\/en\/obituary-professor-dr-gyula-horvath-1951-2015\/"]}]},{"@type":"ImageObject","inLanguage":"en-US","@id":"https:\/\/rki.krtk.hun-ren.hu\/en\/obituary-professor-dr-gyula-horvath-1951-2015\/#primaryimage","url":"https:\/\/rki.krtk.hun-ren.hu\/wp-content\/uploads\/2022\/05\/placeholder.png","contentUrl":"https:\/\/rki.krtk.hun-ren.hu\/wp-content\/uploads\/2022\/05\/placeholder.png","width":1200,"height":800},{"@type":"WebSite","@id":"https:\/\/rki.krtk.hun-ren.hu\/#website","url":"https:\/\/rki.krtk.hun-ren.hu\/","name":"RKI","description":"Region\u00e1lis Kutat\u00e1sok Int\u00e9zete","potentialAction":[{"@type":"SearchAction","target":{"@type":"EntryPoint","urlTemplate":"https:\/\/rki.krtk.hun-ren.hu\/?s={search_term_string}"},"query-input":{"@type":"PropertyValueSpecification","valueRequired":true,"valueName":"search_term_string"}}],"inLanguage":"en-US"},{"@type":"Person","@id":"https:\/\/rki.krtk.hun-ren.hu\/#\/schema\/person\/e9481f7d7d4f8e4dff5804fcd18a0757","name":"admin","url":"https:\/\/rki.krtk.hun-ren.hu\/en\/author\/admin\/"}]}},"_links":{"self":[{"href":"https:\/\/rki.krtk.hun-ren.hu\/en\/wp-json\/wp\/v2\/posts\/4128","targetHints":{"allow":["GET"]}}],"collection":[{"href":"https:\/\/rki.krtk.hun-ren.hu\/en\/wp-json\/wp\/v2\/posts"}],"about":[{"href":"https:\/\/rki.krtk.hun-ren.hu\/en\/wp-json\/wp\/v2\/types\/post"}],"author":[{"embeddable":true,"href":"https:\/\/rki.krtk.hun-ren.hu\/en\/wp-json\/wp\/v2\/users\/3"}],"replies":[{"embeddable":true,"href":"https:\/\/rki.krtk.hun-ren.hu\/en\/wp-json\/wp\/v2\/comments?post=4128"}],"version-history":[{"count":0,"href":"https:\/\/rki.krtk.hun-ren.hu\/en\/wp-json\/wp\/v2\/posts\/4128\/revisions"}],"wp:featuredmedia":[{"embeddable":true,"href":"https:\/\/rki.krtk.hun-ren.hu\/en\/wp-json\/wp\/v2\/media\/38"}],"wp:attachment":[{"href":"https:\/\/rki.krtk.hun-ren.hu\/en\/wp-json\/wp\/v2\/media?parent=4128"}],"wp:term":[{"taxonomy":"category","embeddable":true,"href":"https:\/\/rki.krtk.hun-ren.hu\/en\/wp-json\/wp\/v2\/categories?post=4128"},{"taxonomy":"post_tag","embeddable":true,"href":"https:\/\/rki.krtk.hun-ren.hu\/en\/wp-json\/wp\/v2\/tags?post=4128"}],"curies":[{"name":"wp","href":"https:\/\/api.w.org\/{rel}","templated":true}]}}