{"id":4175,"date":"2012-12-03T00:00:00","date_gmt":"2012-12-03T00:00:00","guid":{"rendered":"https:\/\/rki.krtk.hun-ren.hu\/uncategorized\/the-role-of-renewable-energy-for-regional-development-spa-ce-net-conference\/"},"modified":"2022-08-10T14:39:03","modified_gmt":"2022-08-10T14:39:03","slug":"the-role-of-renewable-energy-for-regional-development-spa-ce-net-conference","status":"publish","type":"post","link":"https:\/\/rki.krtk.hun-ren.hu\/en\/the-role-of-renewable-energy-for-regional-development-spa-ce-net-conference\/","title":{"rendered":"The Role of Renewable Energy for Regional Development \u2013 Spa-ce.net Conference"},"content":{"rendered":"<p>  <img decoding=\"async\" alt=\"\" src=\"\/rkk\/news\/2012\/spacenet_logo.gif\" style=\"width: 390px; height: 95px;\" \/><\/p>\n<p>  <strong>The Role of Renewable Energy for Regional Development<\/strong><\/p>\n<p>  Kecskem&eacute;t, 25th &#8211; 26th October 2012<\/p>\n<p>  &nbsp;<\/p>\n<p style=\"text-align: justify;\">  The annual Spa-ce.net conference was jointly organized by the Dresden <a href=\"http:\/\/www.ioer.de\/\" target=\"_blank\" rel=\"noopener\">Leibniz Institute of Ecological Urban and Regional Development<\/a> and the Institute for Regional Studies this year.&nbsp; The topic of the event was the renewable energy and its regional aspects. <a href=\"http:\/\/www.spa-ce.net\/\" target=\"_blank\" rel=\"noopener\">Spa-ce.net <\/a>is a self-interest network integrating Central, Eastern and South Eastern European institutes and organisations active in the field of spatial research and planning. The Network pursues to develop scientific and professional approaches in research and planning, to strengthen partnership relations, and to define common interests in the field of European research policy and to represent these interests jointly at the European level.&nbsp; The network-conference was take place on 25th &#8211; 26th October in the Great Plain Research Department of Institute for Regional Studies in Kecskem&eacute;t.<\/p>\n<p style=\"text-align: justify;\">  <strong>Presentations<\/strong><\/p>\n<p style=\"text-align: justify;\">  <em>Session 1 &ndash; Hungary, Poland and Slovakia<\/em><br \/>  Chair: Borislav Stojkov<\/p>\n<p>  Andr&aacute;s Don&aacute;t Kov&aacute;cs, Imre Nagy<br \/>  <a href=\"http:\/\/www.spa-ce.net\/pdf\/Spa-ce.net%20Conference%202012\/Presentations\/Spa-ce.net-Kecskemet-2012-Duray-Kovacs-Nagy.pdf\">Territorial Potentials of the Green Economy in Rural Areas of Hungary Bal&aacute;zs Duray<\/a> (PDF 3,8 MB)<\/p>\n<p>  Marek Deg&oacute;rski<br \/>  <a href=\"http:\/\/www.spa-ce.net\/pdf\/Spa-ce.net%20Conference%202012\/Presentations\/Spa-ce.net-Kecskemet-2012-Degorski.pdf\">Wind Energy as a Regional Development Factor or Source of Spatial Problems<\/a> (PDF 5 MB)<\/p>\n<p>  Matej Ja&scaron;&scaron;o, Peter Gezik<br \/>  <a href=\"http:\/\/www.spa-ce.net\/pdf\/Spa-ce.net%20Conference%202012\/Presentations\/Spa-ce.net-Kecskemet-2012-Jasso-Gezik.pdf\">Public Perception of Renewable Energy in Slovakia<\/a> (PDF 6,7 MB)<\/p>\n<p>  <em>Session 2 &ndash; Serbia<\/em><br \/>  Chair: Bernhard M&uuml;ller<\/p>\n<p>  Mila Pucar<br \/>  <a href=\"http:\/\/www.spa-ce.net\/pdf\/Spa-ce.net%20Conference%202012\/Presentations\/Spa-ce.net-Kecskemet-2012-Pucar.pdf\">Building and Regulations in the Field of Energy Efficiency and Renewable Energy Sources in Serbia, Regional Countries and EU<\/a> (PDF 2,5 MB)<\/p>\n<p>  Miodrag Vujo&scaron;evi\u0107, Tamara Mari\u010di\u0107<br \/>  <a href=\"http:\/\/www.spa-ce.net\/pdf\/Spa-ce.net%20Conference%202012\/Presentations\/Spa-ce.net-Kecskemet-2012-Vujosevic-Maricic.pdf\">The Role of Renewable Energy in the Spatial Plan of the Republic of Serbia: Implementation Aspects<\/a> (PDF 335 kB)<\/p>\n<p>  Borislav Stojkov<br \/>  <a href=\"http:\/\/www.spa-ce.net\/pdf\/Spa-ce.net%20Conference%202012\/Presentations\/Spa-ce.net-Kecskemet-2012-Stojkov.pdf\">Renewable Energy in Serbia &ndash; Regional Dimension (the Case of Vojvodina)<\/a> (PDF 1,3 MB)<\/p>\n<p>  Danijela Obradovi\u0107-Arsi\u0107<br \/>  <a href=\"http:\/\/www.spa-ce.net\/pdf\/Spa-ce.net%20Conference%202012\/Presentations\/Spa-ce.net-Kecskemet-2012-Obradovic-Arsic.pdf\">Possibilities and limitations of locating wind farms in Serbia<\/a> (PDF 3 MB)<\/p>\n<p>  <em>Session 3 &ndash; Germany and Czech Republic<\/em><br \/>  Chair: Marek Deg&oacute;rski<\/p>\n<p>  Bernhard M&uuml;ller, Andreas Ortner<br \/>  <a href=\"http:\/\/www.spa-ce.net\/pdf\/Spa-ce.net%20Conference%202012\/Presentations\/Spa-ce.net-Kecskemet-2012-Mueller-Ortner.pdf\">Transformation of the Energy System in Germany &ndash; Challenges and Opportunities for Regional Development <\/a>(PDF 2,7 MB)<\/p>\n<p>  Gerold Janssen<br \/>  <a href=\"http:\/\/www.spa-ce.net\/pdf\/Spa-ce.net%20Conference%202012\/Presentations\/Spa-ce.net-Kecskemet-2012-Janssen.pdf\">Underground Spatial Planning &ndash; Legal and Planning Settings for Managing Underground Projects<\/a> (PDF 1 MB)<\/p>\n<p>  Igor Kyselka<br \/>  <a href=\"http:\/\/www.spa-ce.net\/pdf\/Spa-ce.net%20Conference%202012\/Presentations\/Spa-ce.net-Kecskemet-2012-Kyselka.pdf\">Equipment for the Production of Energy from Renewable Sources &ndash; The Pros and Cons from the Perspective of Spatial Planning in the Czech Republic<\/a> (PDF 1,2 MB)<\/p>\n<p>  Tom&aacute;&scaron; Peltan<br \/>  <a href=\"http:\/\/www.spa-ce.net\/pdf\/Spa-ce.net%20Conference%202012\/Presentations\/Spa-ce.net-Kecskemet-2012-Peltan.pdf\">On Commuting-related Energy Consumption and its Spatial Distribution<\/a> (PDF 375 kB)<\/p>\n","protected":false},"excerpt":{"rendered":"<p>The annual Spa-ce.net conference was jointly organized by the Dresden Leibniz Institute and the Institute for Regional Studies this year.  The topic of the event was the renewable energy and its regional aspects. Spa-ce.net is a self-interest network integrating Central, Eastern and South Eastern European institutes and organisations active in the field of spatial research and planning. The Network pursues to develop scientific and professional approaches in research and planning, to strengthen partnership relations, and to define common interests in the field of European research policy and to represent these interests jointly at the European level.  The network-conference was take place on 25th &#8211; 26th October in the Great Plain Research Department of Institute for Regional Studies in Kecskem\u00e9t.<\/p>\n","protected":false},"author":3,"featured_media":38,"comment_status":"open","ping_status":"open","sticky":false,"template":"","format":"standard","meta":{"_acf_changed":false,"inline_featured_image":false,"footnotes":"","_links_to":"","_links_to_target":""},"categories":[196],"tags":[390],"class_list":["post-4175","post","type-post","status-publish","format-standard","has-post-thumbnail","hentry","category-news","tag-the-role-of-renewable-energy-for-regional-development-spa-ce-net-conference-2012"],"acf":[],"yoast_head":"<!-- This site is optimized with the Yoast SEO plugin v27.3 - https:\/\/yoast.com\/product\/yoast-seo-wordpress\/ -->\n<title>The Role of Renewable Energy for Regional Development \u2013 Spa-ce.net Conference - RKI<\/title>\n<meta name=\"robots\" content=\"index, follow, max-snippet:-1, max-image-preview:large, max-video-preview:-1\" \/>\n<link rel=\"canonical\" href=\"https:\/\/rki.krtk.hun-ren.hu\/en\/the-role-of-renewable-energy-for-regional-development-spa-ce-net-conference\/\" \/>\n<meta property=\"og:locale\" content=\"en_US\" \/>\n<meta property=\"og:type\" content=\"article\" \/>\n<meta property=\"og:title\" content=\"The Role of Renewable Energy for Regional Development \u2013 Spa-ce.net Conference - RKI\" \/>\n<meta property=\"og:description\" content=\"The annual Spa-ce.net conference was jointly organized by the Dresden Leibniz Institute and the Institute for Regional Studies this year. The topic of the event was the renewable energy and its regional aspects. Spa-ce.net is a self-interest network integrating Central, Eastern and South Eastern European institutes and organisations active in the field of spatial research and planning. The Network pursues to develop scientific and professional approaches in research and planning, to strengthen partnership relations, and to define common interests in the field of European research policy and to represent these interests jointly at the European level. The network-conference was take place on 25th - 26th October in the Great Plain Research Department of Institute for Regional Studies in Kecskem\u00e9t.\" \/>\n<meta property=\"og:url\" content=\"https:\/\/rki.krtk.hun-ren.hu\/en\/the-role-of-renewable-energy-for-regional-development-spa-ce-net-conference\/\" \/>\n<meta property=\"og:site_name\" content=\"RKI\" \/>\n<meta property=\"article:published_time\" content=\"2012-12-03T00:00:00+00:00\" \/>\n<meta property=\"article:modified_time\" content=\"2022-08-10T14:39:03+00:00\" \/>\n<meta property=\"og:image\" content=\"https:\/\/rki.krtk.hun-ren.hu\/wp-content\/uploads\/2022\/05\/placeholder.png\" \/>\n\t<meta property=\"og:image:width\" content=\"1200\" \/>\n\t<meta property=\"og:image:height\" content=\"800\" \/>\n\t<meta property=\"og:image:type\" content=\"image\/png\" \/>\n<meta name=\"author\" content=\"admin\" \/>\n<meta name=\"twitter:card\" content=\"summary_large_image\" \/>\n<meta name=\"twitter:label1\" content=\"Written by\" \/>\n\t<meta name=\"twitter:data1\" content=\"admin\" \/>\n\t<meta name=\"twitter:label2\" content=\"Est. reading time\" \/>\n\t<meta name=\"twitter:data2\" content=\"2 minutes\" \/>\n<script type=\"application\/ld+json\" class=\"yoast-schema-graph\">{\"@context\":\"https:\\\/\\\/schema.org\",\"@graph\":[{\"@type\":\"Article\",\"@id\":\"https:\\\/\\\/rki.krtk.hun-ren.hu\\\/en\\\/the-role-of-renewable-energy-for-regional-development-spa-ce-net-conference\\\/#article\",\"isPartOf\":{\"@id\":\"https:\\\/\\\/rki.krtk.hun-ren.hu\\\/en\\\/the-role-of-renewable-energy-for-regional-development-spa-ce-net-conference\\\/\"},\"author\":{\"name\":\"admin\",\"@id\":\"https:\\\/\\\/rki.krtk.hun-ren.hu\\\/#\\\/schema\\\/person\\\/e9481f7d7d4f8e4dff5804fcd18a0757\"},\"headline\":\"The Role of Renewable Energy for Regional Development \u2013 Spa-ce.net Conference\",\"datePublished\":\"2012-12-03T00:00:00+00:00\",\"dateModified\":\"2022-08-10T14:39:03+00:00\",\"mainEntityOfPage\":{\"@id\":\"https:\\\/\\\/rki.krtk.hun-ren.hu\\\/en\\\/the-role-of-renewable-energy-for-regional-development-spa-ce-net-conference\\\/\"},\"wordCount\":406,\"commentCount\":0,\"image\":{\"@id\":\"https:\\\/\\\/rki.krtk.hun-ren.hu\\\/en\\\/the-role-of-renewable-energy-for-regional-development-spa-ce-net-conference\\\/#primaryimage\"},\"thumbnailUrl\":\"https:\\\/\\\/rki.krtk.hun-ren.hu\\\/wp-content\\\/uploads\\\/2022\\\/05\\\/placeholder.png\",\"keywords\":[\"The Role of Renewable Energy for Regional Development \u2013 Spa-ce.net Conference 2012\"],\"articleSection\":[\"News\"],\"inLanguage\":\"en-US\"},{\"@type\":\"WebPage\",\"@id\":\"https:\\\/\\\/rki.krtk.hun-ren.hu\\\/en\\\/the-role-of-renewable-energy-for-regional-development-spa-ce-net-conference\\\/\",\"url\":\"https:\\\/\\\/rki.krtk.hun-ren.hu\\\/en\\\/the-role-of-renewable-energy-for-regional-development-spa-ce-net-conference\\\/\",\"name\":\"The Role of Renewable Energy for Regional Development \u2013 Spa-ce.net Conference - RKI\",\"isPartOf\":{\"@id\":\"https:\\\/\\\/rki.krtk.hun-ren.hu\\\/#website\"},\"primaryImageOfPage\":{\"@id\":\"https:\\\/\\\/rki.krtk.hun-ren.hu\\\/en\\\/the-role-of-renewable-energy-for-regional-development-spa-ce-net-conference\\\/#primaryimage\"},\"image\":{\"@id\":\"https:\\\/\\\/rki.krtk.hun-ren.hu\\\/en\\\/the-role-of-renewable-energy-for-regional-development-spa-ce-net-conference\\\/#primaryimage\"},\"thumbnailUrl\":\"https:\\\/\\\/rki.krtk.hun-ren.hu\\\/wp-content\\\/uploads\\\/2022\\\/05\\\/placeholder.png\",\"datePublished\":\"2012-12-03T00:00:00+00:00\",\"dateModified\":\"2022-08-10T14:39:03+00:00\",\"author\":{\"@id\":\"https:\\\/\\\/rki.krtk.hun-ren.hu\\\/#\\\/schema\\\/person\\\/e9481f7d7d4f8e4dff5804fcd18a0757\"},\"inLanguage\":\"en-US\",\"potentialAction\":[{\"@type\":\"ReadAction\",\"target\":[\"https:\\\/\\\/rki.krtk.hun-ren.hu\\\/en\\\/the-role-of-renewable-energy-for-regional-development-spa-ce-net-conference\\\/\"]}]},{\"@type\":\"ImageObject\",\"inLanguage\":\"en-US\",\"@id\":\"https:\\\/\\\/rki.krtk.hun-ren.hu\\\/en\\\/the-role-of-renewable-energy-for-regional-development-spa-ce-net-conference\\\/#primaryimage\",\"url\":\"https:\\\/\\\/rki.krtk.hun-ren.hu\\\/wp-content\\\/uploads\\\/2022\\\/05\\\/placeholder.png\",\"contentUrl\":\"https:\\\/\\\/rki.krtk.hun-ren.hu\\\/wp-content\\\/uploads\\\/2022\\\/05\\\/placeholder.png\",\"width\":1200,\"height\":800},{\"@type\":\"WebSite\",\"@id\":\"https:\\\/\\\/rki.krtk.hun-ren.hu\\\/#website\",\"url\":\"https:\\\/\\\/rki.krtk.hun-ren.hu\\\/\",\"name\":\"RKI\",\"description\":\"Region\u00e1lis Kutat\u00e1sok Int\u00e9zete\",\"potentialAction\":[{\"@type\":\"SearchAction\",\"target\":{\"@type\":\"EntryPoint\",\"urlTemplate\":\"https:\\\/\\\/rki.krtk.hun-ren.hu\\\/?s={search_term_string}\"},\"query-input\":{\"@type\":\"PropertyValueSpecification\",\"valueRequired\":true,\"valueName\":\"search_term_string\"}}],\"inLanguage\":\"en-US\"},{\"@type\":\"Person\",\"@id\":\"https:\\\/\\\/rki.krtk.hun-ren.hu\\\/#\\\/schema\\\/person\\\/e9481f7d7d4f8e4dff5804fcd18a0757\",\"name\":\"admin\",\"url\":\"https:\\\/\\\/rki.krtk.hun-ren.hu\\\/en\\\/author\\\/admin\\\/\"}]}<\/script>\n<!-- \/ Yoast SEO plugin. -->","yoast_head_json":{"title":"The Role of Renewable Energy for Regional Development \u2013 Spa-ce.net Conference - RKI","robots":{"index":"index","follow":"follow","max-snippet":"max-snippet:-1","max-image-preview":"max-image-preview:large","max-video-preview":"max-video-preview:-1"},"canonical":"https:\/\/rki.krtk.hun-ren.hu\/en\/the-role-of-renewable-energy-for-regional-development-spa-ce-net-conference\/","og_locale":"en_US","og_type":"article","og_title":"The Role of Renewable Energy for Regional Development \u2013 Spa-ce.net Conference - RKI","og_description":"The annual Spa-ce.net conference was jointly organized by the Dresden Leibniz Institute and the Institute for Regional Studies this year. The topic of the event was the renewable energy and its regional aspects. Spa-ce.net is a self-interest network integrating Central, Eastern and South Eastern European institutes and organisations active in the field of spatial research and planning. The Network pursues to develop scientific and professional approaches in research and planning, to strengthen partnership relations, and to define common interests in the field of European research policy and to represent these interests jointly at the European level. The network-conference was take place on 25th - 26th October in the Great Plain Research Department of Institute for Regional Studies in Kecskem\u00e9t.","og_url":"https:\/\/rki.krtk.hun-ren.hu\/en\/the-role-of-renewable-energy-for-regional-development-spa-ce-net-conference\/","og_site_name":"RKI","article_published_time":"2012-12-03T00:00:00+00:00","article_modified_time":"2022-08-10T14:39:03+00:00","og_image":[{"width":1200,"height":800,"url":"https:\/\/rki.krtk.hun-ren.hu\/wp-content\/uploads\/2022\/05\/placeholder.png","type":"image\/png"}],"author":"admin","twitter_card":"summary_large_image","twitter_misc":{"Written by":"admin","Est. reading time":"2 minutes"},"schema":{"@context":"https:\/\/schema.org","@graph":[{"@type":"Article","@id":"https:\/\/rki.krtk.hun-ren.hu\/en\/the-role-of-renewable-energy-for-regional-development-spa-ce-net-conference\/#article","isPartOf":{"@id":"https:\/\/rki.krtk.hun-ren.hu\/en\/the-role-of-renewable-energy-for-regional-development-spa-ce-net-conference\/"},"author":{"name":"admin","@id":"https:\/\/rki.krtk.hun-ren.hu\/#\/schema\/person\/e9481f7d7d4f8e4dff5804fcd18a0757"},"headline":"The Role of Renewable Energy for Regional Development \u2013 Spa-ce.net Conference","datePublished":"2012-12-03T00:00:00+00:00","dateModified":"2022-08-10T14:39:03+00:00","mainEntityOfPage":{"@id":"https:\/\/rki.krtk.hun-ren.hu\/en\/the-role-of-renewable-energy-for-regional-development-spa-ce-net-conference\/"},"wordCount":406,"commentCount":0,"image":{"@id":"https:\/\/rki.krtk.hun-ren.hu\/en\/the-role-of-renewable-energy-for-regional-development-spa-ce-net-conference\/#primaryimage"},"thumbnailUrl":"https:\/\/rki.krtk.hun-ren.hu\/wp-content\/uploads\/2022\/05\/placeholder.png","keywords":["The Role of Renewable Energy for Regional Development \u2013 Spa-ce.net Conference 2012"],"articleSection":["News"],"inLanguage":"en-US"},{"@type":"WebPage","@id":"https:\/\/rki.krtk.hun-ren.hu\/en\/the-role-of-renewable-energy-for-regional-development-spa-ce-net-conference\/","url":"https:\/\/rki.krtk.hun-ren.hu\/en\/the-role-of-renewable-energy-for-regional-development-spa-ce-net-conference\/","name":"The Role of Renewable Energy for Regional Development \u2013 Spa-ce.net Conference - RKI","isPartOf":{"@id":"https:\/\/rki.krtk.hun-ren.hu\/#website"},"primaryImageOfPage":{"@id":"https:\/\/rki.krtk.hun-ren.hu\/en\/the-role-of-renewable-energy-for-regional-development-spa-ce-net-conference\/#primaryimage"},"image":{"@id":"https:\/\/rki.krtk.hun-ren.hu\/en\/the-role-of-renewable-energy-for-regional-development-spa-ce-net-conference\/#primaryimage"},"thumbnailUrl":"https:\/\/rki.krtk.hun-ren.hu\/wp-content\/uploads\/2022\/05\/placeholder.png","datePublished":"2012-12-03T00:00:00+00:00","dateModified":"2022-08-10T14:39:03+00:00","author":{"@id":"https:\/\/rki.krtk.hun-ren.hu\/#\/schema\/person\/e9481f7d7d4f8e4dff5804fcd18a0757"},"inLanguage":"en-US","potentialAction":[{"@type":"ReadAction","target":["https:\/\/rki.krtk.hun-ren.hu\/en\/the-role-of-renewable-energy-for-regional-development-spa-ce-net-conference\/"]}]},{"@type":"ImageObject","inLanguage":"en-US","@id":"https:\/\/rki.krtk.hun-ren.hu\/en\/the-role-of-renewable-energy-for-regional-development-spa-ce-net-conference\/#primaryimage","url":"https:\/\/rki.krtk.hun-ren.hu\/wp-content\/uploads\/2022\/05\/placeholder.png","contentUrl":"https:\/\/rki.krtk.hun-ren.hu\/wp-content\/uploads\/2022\/05\/placeholder.png","width":1200,"height":800},{"@type":"WebSite","@id":"https:\/\/rki.krtk.hun-ren.hu\/#website","url":"https:\/\/rki.krtk.hun-ren.hu\/","name":"RKI","description":"Region\u00e1lis Kutat\u00e1sok Int\u00e9zete","potentialAction":[{"@type":"SearchAction","target":{"@type":"EntryPoint","urlTemplate":"https:\/\/rki.krtk.hun-ren.hu\/?s={search_term_string}"},"query-input":{"@type":"PropertyValueSpecification","valueRequired":true,"valueName":"search_term_string"}}],"inLanguage":"en-US"},{"@type":"Person","@id":"https:\/\/rki.krtk.hun-ren.hu\/#\/schema\/person\/e9481f7d7d4f8e4dff5804fcd18a0757","name":"admin","url":"https:\/\/rki.krtk.hun-ren.hu\/en\/author\/admin\/"}]}},"_links":{"self":[{"href":"https:\/\/rki.krtk.hun-ren.hu\/en\/wp-json\/wp\/v2\/posts\/4175","targetHints":{"allow":["GET"]}}],"collection":[{"href":"https:\/\/rki.krtk.hun-ren.hu\/en\/wp-json\/wp\/v2\/posts"}],"about":[{"href":"https:\/\/rki.krtk.hun-ren.hu\/en\/wp-json\/wp\/v2\/types\/post"}],"author":[{"embeddable":true,"href":"https:\/\/rki.krtk.hun-ren.hu\/en\/wp-json\/wp\/v2\/users\/3"}],"replies":[{"embeddable":true,"href":"https:\/\/rki.krtk.hun-ren.hu\/en\/wp-json\/wp\/v2\/comments?post=4175"}],"version-history":[{"count":0,"href":"https:\/\/rki.krtk.hun-ren.hu\/en\/wp-json\/wp\/v2\/posts\/4175\/revisions"}],"wp:featuredmedia":[{"embeddable":true,"href":"https:\/\/rki.krtk.hun-ren.hu\/en\/wp-json\/wp\/v2\/media\/38"}],"wp:attachment":[{"href":"https:\/\/rki.krtk.hun-ren.hu\/en\/wp-json\/wp\/v2\/media?parent=4175"}],"wp:term":[{"taxonomy":"category","embeddable":true,"href":"https:\/\/rki.krtk.hun-ren.hu\/en\/wp-json\/wp\/v2\/categories?post=4175"},{"taxonomy":"post_tag","embeddable":true,"href":"https:\/\/rki.krtk.hun-ren.hu\/en\/wp-json\/wp\/v2\/tags?post=4175"}],"curies":[{"name":"wp","href":"https:\/\/api.w.org\/{rel}","templated":true}]}}